{"id":234,"date":"1997-01-02T16:23:26","date_gmt":"1997-01-02T15:23:26","guid":{"rendered":"http:\/\/www.nogradterv.hu\/?p=234"},"modified":"2012-02-29T14:33:17","modified_gmt":"2012-02-29T13:33:17","slug":"balassagyarmat-majus-1-uti-altalanos-iskola","status":"publish","type":"post","link":"http:\/\/www.nogradterv.hu\/?p=234","title":{"rendered":"M\u00c1JUS 1. \u00daTI \u00c1LTAL\u00c1NOS ISKOLA &#8211; BALASSAGYARMAT"},"content":{"rendered":"<p>8 tantermes \u00e1ltal\u00e1nos iskola \u00e9s tornaterem Balassagyarmaton.<\/p>\n<p>\u00e9p\u00edt\u00e9szek: Guzmics Gy\u00f6rgy<br \/>\ntervez\u00e9s: 1996<br \/>\nkivitelez\u00e9s: 1997<\/p>\n\r\n\t\t\t\t<style type='text\/css'>\r\n\t\t\t\t#gallery-1 {\r\n\t\t\t\tmargin: auto;\r\n\t\t\t\t}\r\n\t\t\t\t#gallery-1 .gallery-item {\r\n\t\t\t\tfloat: left;\r\n\t\t\t\tmargin-top: 10px;\r\n\t\t\t\ttext-align: center;\r\n\t\t\t\twidth: 50%;            }\r\n\t\t\t\t#gallery-1 img {\r\n\t\t\t\tborder: 2px solid #cfcfcf;\r\n\t\t\t\t}\r\n\t\t\t\t#gallery-1 .gallery-caption {\r\n\t\t\t\tmargin-left: 0;\r\n\t\t\t\t}\r\n\t\t\t\t<\/style>\r\n\t\t\t\t<!-- see gallery_shortcode() in wp-includes\/media.php -->\r\n\t\t\t\t<div id='gallery-1' class='gallery galleryid-234'><dl class='gallery-item'>\r\n\t\t\t\t\t<dt class='gallery-icon'>\r\n\t\t\t\t\t<a href='http:\/\/www.nogradterv.hu\/wp-content\/uploads\/2012\/01\/100_4437.jpg' rel=\"lightbox[234]\"><img loading=\"lazy\" decoding=\"async\" width=\"150\" height=\"150\" src=\"http:\/\/www.nogradterv.hu\/wp-content\/uploads\/2012\/01\/100_4437-150x150.jpg\" class=\"attachment-thumbnail size-thumbnail\" alt=\"\" srcset=\"http:\/\/www.nogradterv.hu\/wp-content\/uploads\/2012\/01\/100_4437-150x150.jpg 150w, http:\/\/www.nogradterv.hu\/wp-content\/uploads\/2012\/01\/100_4437-120x120.jpg 120w\" sizes=\"(max-width: 150px) 100vw, 150px\" \/><\/a>\r\n\t\t\t\t\t<\/dt><\/dl><dl class='gallery-item'>\r\n\t\t\t\t\t<dt class='gallery-icon'>\r\n\t\t\t\t\t<a href='http:\/\/www.nogradterv.hu\/wp-content\/uploads\/2012\/01\/100_4436.jpg' rel=\"lightbox[234]\"><img loading=\"lazy\" decoding=\"async\" width=\"150\" height=\"150\" src=\"http:\/\/www.nogradterv.hu\/wp-content\/uploads\/2012\/01\/100_4436-150x150.jpg\" class=\"attachment-thumbnail size-thumbnail\" alt=\"\" srcset=\"http:\/\/www.nogradterv.hu\/wp-content\/uploads\/2012\/01\/100_4436-150x150.jpg 150w, http:\/\/www.nogradterv.hu\/wp-content\/uploads\/2012\/01\/100_4436-120x120.jpg 120w\" sizes=\"(max-width: 150px) 100vw, 150px\" \/><\/a>\r\n\t\t\t\t\t<\/dt><\/dl><br style=\"clear: both\" \/><dl class='gallery-item'>\r\n\t\t\t\t\t<dt class='gallery-icon'>\r\n\t\t\t\t\t<a href='http:\/\/www.nogradterv.hu\/wp-content\/uploads\/2012\/01\/100_4434.jpg' rel=\"lightbox[234]\"><img loading=\"lazy\" decoding=\"async\" width=\"150\" height=\"150\" src=\"http:\/\/www.nogradterv.hu\/wp-content\/uploads\/2012\/01\/100_4434-150x150.jpg\" class=\"attachment-thumbnail size-thumbnail\" alt=\"\" srcset=\"http:\/\/www.nogradterv.hu\/wp-content\/uploads\/2012\/01\/100_4434-150x150.jpg 150w, http:\/\/www.nogradterv.hu\/wp-content\/uploads\/2012\/01\/100_4434-120x120.jpg 120w\" sizes=\"(max-width: 150px) 100vw, 150px\" \/><\/a>\r\n\t\t\t\t\t<\/dt><\/dl><dl class='gallery-item'>\r\n\t\t\t\t\t<dt class='gallery-icon'>\r\n\t\t\t\t\t<a href='http:\/\/www.nogradterv.hu\/wp-content\/uploads\/2012\/01\/100_4433.jpg' rel=\"lightbox[234]\"><img loading=\"lazy\" decoding=\"async\" width=\"150\" height=\"150\" src=\"http:\/\/www.nogradterv.hu\/wp-content\/uploads\/2012\/01\/100_4433-150x150.jpg\" class=\"attachment-thumbnail size-thumbnail\" alt=\"\" srcset=\"http:\/\/www.nogradterv.hu\/wp-content\/uploads\/2012\/01\/100_4433-150x150.jpg 150w, http:\/\/www.nogradterv.hu\/wp-content\/uploads\/2012\/01\/100_4433-120x120.jpg 120w\" sizes=\"(max-width: 150px) 100vw, 150px\" \/><\/a>\r\n\t\t\t\t\t<\/dt><\/dl><br style=\"clear: both\" \/>\r\n\t\t\t\t<br style='clear: both;' \/>\r\n\t\t\t\t<\/div>\n\n","protected":false},"excerpt":{"rendered":"<p>8 tantermes \u00e1ltal\u00e1nos iskola \u00e9s tornaterem Balassagyarmaton. \u00e9p\u00edt\u00e9szek: Guzmics Gy\u00f6rgy tervez\u00e9s: 1996 kivitelez\u00e9s: 1997<\/p>\n","protected":false},"author":1,"featured_media":238,"comment_status":"closed","ping_status":"closed","sticky":false,"template":"","format":"standard","meta":{"footnotes":""},"categories":[1],"tags":[14,11],"_links":{"self":[{"href":"http:\/\/www.nogradterv.hu\/index.php?rest_route=\/wp\/v2\/posts\/234"}],"collection":[{"href":"http:\/\/www.nogradterv.hu\/index.php?rest_route=\/wp\/v2\/posts"}],"about":[{"href":"http:\/\/www.nogradterv.hu\/index.php?rest_route=\/wp\/v2\/types\/post"}],"author":[{"embeddable":true,"href":"http:\/\/www.nogradterv.hu\/index.php?rest_route=\/wp\/v2\/users\/1"}],"replies":[{"embeddable":true,"href":"http:\/\/www.nogradterv.hu\/index.php?rest_route=%2Fwp%2Fv2%2Fcomments&post=234"}],"version-history":[{"count":4,"href":"http:\/\/www.nogradterv.hu\/index.php?rest_route=\/wp\/v2\/posts\/234\/revisions"}],"predecessor-version":[{"id":694,"href":"http:\/\/www.nogradterv.hu\/index.php?rest_route=\/wp\/v2\/posts\/234\/revisions\/694"}],"wp:featuredmedia":[{"embeddable":true,"href":"http:\/\/www.nogradterv.hu\/index.php?rest_route=\/wp\/v2\/media\/238"}],"wp:attachment":[{"href":"http:\/\/www.nogradterv.hu\/index.php?rest_route=%2Fwp%2Fv2%2Fmedia&parent=234"}],"wp:term":[{"taxonomy":"category","embeddable":true,"href":"http:\/\/www.nogradterv.hu\/index.php?rest_route=%2Fwp%2Fv2%2Fcategories&post=234"},{"taxonomy":"post_tag","embeddable":true,"href":"http:\/\/www.nogradterv.hu\/index.php?rest_route=%2Fwp%2Fv2%2Ftags&post=234"}],"curies":[{"name":"wp","href":"https:\/\/api.w.org\/{rel}","templated":true}]}}